{"id":13644,"date":"2026-04-01T14:07:38","date_gmt":"2026-04-01T12:07:38","guid":{"rendered":"https:\/\/ladieslinz.at\/?p=13644"},"modified":"2026-04-01T14:08:20","modified_gmt":"2026-04-01T12:08:20","slug":"lilli-tagger-erhaelt-hauptfeld-wildcard-oesterreicherinnen-tag-am-dienstag-7-april","status":"publish","type":"post","link":"https:\/\/ladieslinz.at\/en\/lilli-tagger-erhaelt-hauptfeld-wildcard-oesterreicherinnen-tag-am-dienstag-7-april\/","title":{"rendered":"Lilli Tagger receives main draw wild card - Austrian Women's Day on Tuesday, 7 April"},"content":{"rendered":"<div data-elementor-type=\"wp-post\" data-elementor-id=\"13644\" class=\"elementor elementor-13644\" data-elementor-post-type=\"post\">\n\t\t\t\t\t\t<section class=\"elementor-section elementor-top-section elementor-element elementor-element-690653f elementor-section-boxed elementor-section-height-default elementor-section-height-default\" data-id=\"690653f\" data-element_type=\"section\" data-e-type=\"section\" data-settings=\"{&quot;background_background&quot;:&quot;classic&quot;}\">\n\t\t\t\t\t\t<div class=\"elementor-container elementor-column-gap-default\">\n\t\t\t\t\t<div class=\"elementor-column elementor-col-100 elementor-top-column elementor-element elementor-element-6be60985\" data-id=\"6be60985\" data-element_type=\"column\" data-e-type=\"column\" data-settings=\"{&quot;background_background&quot;:&quot;classic&quot;}\">\n\t\t\t<div class=\"elementor-widget-wrap elementor-element-populated\">\n\t\t\t\t\t\t<div class=\"elementor-element elementor-element-48b9e1c elementor-widget elementor-widget-theme-post-featured-image elementor-widget-image\" data-id=\"48b9e1c\" data-element_type=\"widget\" data-e-type=\"widget\" data-widget_type=\"theme-post-featured-image.default\">\n\t\t\t\t<div class=\"elementor-widget-container\">\n\t\t\t\t\t\t\t\t\t\t\t\t\t\t\t<img decoding=\"async\" src=\"https:\/\/ladieslinz.at\/wp-content\/uploads\/elementor\/thumbs\/Kein-Titel-3000-x-2001-px-2-rh9hxo7m1xuanahs04htxtfcfmqizitceg43jr9j6g.png\" title=\"No title (3000 x 2001 px)-2\" alt=\"Kein Titel (3000 x 2001 px)-2\" loading=\"lazy\" \/>\t\t\t\t\t\t\t\t\t\t\t\t\t\t\t<\/div>\n\t\t\t\t<\/div>\n\t\t\t\t<div class=\"elementor-element elementor-element-33b08088 elementor-mobile-align-center elementor-widget elementor-widget-post-info\" data-id=\"33b08088\" data-element_type=\"widget\" data-e-type=\"widget\" data-widget_type=\"post-info.default\">\n\t\t\t\t<div class=\"elementor-widget-container\">\n\t\t\t\t\t\t\t<ul class=\"elementor-inline-items elementor-icon-list-items elementor-post-info\">\n\t\t\t\t\t\t\t\t<li class=\"elementor-icon-list-item elementor-repeater-item-ba9c996 elementor-inline-item\" itemprop=\"datePublished\">\n\t\t\t\t\t\t<a href=\"https:\/\/ladieslinz.at\/en\/2026\/04\/01\/\">\n\t\t\t\t\t\t\t\t\t\t\t<span class=\"elementor-icon-list-icon\">\n\t\t\t\t\t\t\t\t<i aria-hidden=\"true\" class=\"fas fa-calendar\"><\/i>\t\t\t\t\t\t\t<\/span>\n\t\t\t\t\t\t\t\t\t<span class=\"elementor-icon-list-text elementor-post-info__item elementor-post-info__item--type-date\">\n\t\t\t\t\t\t\t\t\t\t<time>April 1, 2026<\/time>\t\t\t\t\t<\/span>\n\t\t\t\t\t\t\t\t\t<\/a>\n\t\t\t\t<\/li>\n\t\t\t\t<li class=\"elementor-icon-list-item elementor-repeater-item-d7670a7 elementor-inline-item\">\n\t\t\t\t\t\t\t\t\t\t<span class=\"elementor-icon-list-icon\">\n\t\t\t\t\t\t\t\t<i aria-hidden=\"true\" class=\"far fa-clock\"><\/i>\t\t\t\t\t\t\t<\/span>\n\t\t\t\t\t\t\t\t\t<span class=\"elementor-icon-list-text elementor-post-info__item elementor-post-info__item--type-time\">\n\t\t\t\t\t\t\t\t\t\t<time>2:07 pm<\/time>\t\t\t\t\t<\/span>\n\t\t\t\t\t\t\t\t<\/li>\n\t\t\t\t<\/ul>\n\t\t\t\t\t\t<\/div>\n\t\t\t\t<\/div>\n\t\t\t\t<div class=\"elementor-element elementor-element-c262bfc elementor-widget elementor-widget-theme-post-title elementor-page-title elementor-widget-heading\" data-id=\"c262bfc\" data-element_type=\"widget\" data-e-type=\"widget\" data-widget_type=\"theme-post-title.default\">\n\t\t\t\t<div class=\"elementor-widget-container\">\n\t\t\t\t\t<h1 class=\"elementor-heading-title elementor-size-default\">Lilli Tagger receives main draw wild card - Austrian Women's Day on Tuesday, 7 April<\/h1>\t\t\t\t<\/div>\n\t\t\t\t<\/div>\n\t\t\t\t<div class=\"elementor-element elementor-element-873a5bc elementor-widget elementor-widget-text-editor\" data-id=\"873a5bc\" data-element_type=\"widget\" data-e-type=\"widget\" data-widget_type=\"text-editor.default\">\n\t\t\t\t<div class=\"elementor-widget-container\">\n\t\t\t\t\t\t\t\t\t<p style=\"font-weight: 400;\"><span id=\"isPasted\" data-35570a81-0a58-4ebb-b276-c678e31378b2-53=\"true\"><span data-35570a81-0a58-4ebb-b276-c678e31378b2-53=\"true\"><strong>Austria's tennis fans should mark next Tuesday in their diaries. 7 April 2026 will be the \u201eDay of the Austrians\u201c at the Upper Austria Ladies Linz. The centrepiece of the WTA 500 tournament will be Lilli Tagger's debut appearance in the Upper Austrian capital. The 18-year-old red-white-red tennis hopeful was the first player to receive a wildcard from tournament director Sandra Reichel for the main draw of Austria's biggest women's sporting event. It is planned that Tagger will play her first match in Linz on Tuesday at 4 pm (live on ORF1). Changes at short notice cannot be completely ruled out.<\/strong><\/span><\/span><\/p>\n<p><span id=\"isPasted\" data-35570a81-0a58-4ebb-b276-c678e31378b2-53=\"true\"><span data-35570a81-0a58-4ebb-b276-c678e31378b2-53=\"true\">Julia Grabher, Austria's number one, is also due to play her first round match on this day. The Vorarlberg native has moved up into the main draw due to the cancellations of Barbora Krejcikova, Emma Navarro and Antonia Ruzic through injury. The allocation of the other wildcards will be decided by the main draw on Easter Sunday.\u00a0<\/span><\/span><\/p>\n<p><span id=\"isPasted\" data-35570a81-0a58-4ebb-b276-c678e31378b2-53=\"true\"><span data-35570a81-0a58-4ebb-b276-c678e31378b2-53=\"true\">\u201eI feel pretty comfortable on clay and playing in front of a home crowd is always something special. There's really nothing better. As a preparation tournament for Roland Garros, it's just right. I'm really looking forward to it and can hardly wait,\u201c said Tagger, who recently received wildcards for the Masters tournaments in Indian Wells and Miami, where she won a round each time.\u00a0<\/span><\/span><\/p>\n<p><span id=\"isPasted\" data-35570a81-0a58-4ebb-b276-c678e31378b2-53=\"true\"><span data-35570a81-0a58-4ebb-b276-c678e31378b2-53=\"true\">Tickets for the Austrian Women's Day on 7 April and all other days of the Upper Austria Ladies Linz are available in the online ticket shop at <a title=\"\" href=\"https:\/\/fk5tg.r.bh.d.sendibt3.com\/mk\/cl\/f\/sh\/1t6Af4Oj9PgrH6jUYJdqCXdEeivcRU\/g13boWStI6BI\" rel=\"noopener noreferrer\" type=\"absoluteLink\">www.ladieslinz.at<\/a> available.\u00a0<\/span><\/span><\/p>\n<p><span id=\"isPasted\" data-35570a81-0a58-4ebb-b276-c678e31378b2-53=\"true\"><span data-35570a81-0a58-4ebb-b276-c678e31378b2-53=\"true\">\u00a0<\/span><\/span><\/p>\n<p><span id=\"isPasted\" data-35570a81-0a58-4ebb-b276-c678e31378b2-53=\"true\"><span data-35570a81-0a58-4ebb-b276-c678e31378b2-53=\"true\"><strong>Austria's female footballer\u00a0<\/strong><strong>of the year Sarah Zadrazil at\u00a0<\/strong><\/span><\/span><span id=\"isPasted\"><strong>Advantage Ladies, the FE&amp;MALE Sports Conference<\/strong><\/span><\/p>\n<p><span id=\"isPasted\" data-35570a81-0a58-4ebb-b276-c678e31378b2-53=\"true\"><span data-35570a81-0a58-4ebb-b276-c678e31378b2-53=\"true\">The fourth edition of Advantage Ladies, the FE&amp;MALE Sports Conference, which will take place on Wednesday, 8 April 2026, as part of the Upper Austria Ladies Linz at the Linz Design Center, will have another prominent addition. Sarah Zadrazil, Austria's footballer of the year 2025, will discuss the topic of \u201eRethinking Power - Leadership, Culture and Safeguarding in Sports\u201c with tennis coach Judy Murray from 11.50 am.\u00a0<\/span><\/span><\/p>\n<p><span id=\"isPasted\" data-35570a81-0a58-4ebb-b276-c678e31378b2-53=\"true\"><span data-35570a81-0a58-4ebb-b276-c678e31378b2-53=\"true\">The 33-year-old from Bad Ischl is currently under contract with reigning German champions FC Bayern Munich and has already played 127 times for the Austrian women's national football team.<wbr \/>a long time. She is currently recovering from a cruciate ligament injury and is therefore taking the opportunity to attend Advantage Ladies, the FE&amp;MALE Sports Conference, and provide important input.\u00a0<\/span><\/span><\/p>\n<p><span id=\"isPasted\" data-35570a81-0a58-4ebb-b276-c678e31378b2-53=\"true\"><span data-35570a81-0a58-4ebb-b276-c678e31378b2-53=\"true\">The complete programme and tickets for the event organised by the Reichel Business Group (RBG) and Sport Austria are available at <a title=\"\" href=\"https:\/\/fk5tg.r.bh.d.sendibt3.com\/mk\/cl\/f\/sh\/1t6Af4Oj9PgrH6jUYJdqCXdEeivcRU\/i-ruZ5t2hbNj\" rel=\"noopener noreferrer\" type=\"absoluteLink\">www.ladieslinz.at<\/a>.\u00a0<\/span><\/span><\/p>\t\t\t\t\t\t\t\t<\/div>\n\t\t\t\t<\/div>\n\t\t\t\t<div class=\"elementor-element elementor-element-176b4d49 elementor-widget elementor-widget-post-navigation\" data-id=\"176b4d49\" data-element_type=\"widget\" data-e-type=\"widget\" data-widget_type=\"post-navigation.default\">\n\t\t\t\t<div class=\"elementor-widget-container\">\n\t\t\t\t\t\t\t<div class=\"elementor-post-navigation\" role=\"navigation\" aria-label=\"Post Navigation\">\n\t\t\t<div class=\"elementor-post-navigation__prev elementor-post-navigation__link\">\n\t\t\t\t<a href=\"https:\/\/ladieslinz.at\/en\/linz-ag-praesentiert-auslosung-in-der-grottenbahn-am-poestlingberg\/\" rel=\"prev\"><span class=\"post-navigation__arrow-wrapper post-navigation__arrow-prev\"><i aria-hidden=\"true\" class=\"fas fa-angle-left\"><\/i><span class=\"elementor-screen-only\">Prev<\/span><\/span><span class=\"elementor-post-navigation__link__prev\"><span class=\"post-navigation__prev--label\">Previous<\/span><span class=\"post-navigation__prev--title\">LINZ AG presents draw in the grotto railway on the P\u00f6stlingberg<\/span><\/span><\/a>\t\t\t<\/div>\n\t\t\t\t\t\t<div class=\"elementor-post-navigation__next elementor-post-navigation__link\">\n\t\t\t\t<a href=\"https:\/\/ladieslinz.at\/en\/mirra-andreeva-geht-als-topgesetzte-in-das-upper-austria-ladies-linz\/\" rel=\"next\"><span class=\"elementor-post-navigation__link__next\"><span class=\"post-navigation__next--label\">Next<\/span><span class=\"post-navigation__next--title\">Mirra Andreeva goes into the Upper Austria Ladies Linz as top seed<\/span><\/span><span class=\"post-navigation__arrow-wrapper post-navigation__arrow-next\"><i aria-hidden=\"true\" class=\"fas fa-angle-right\"><\/i><span class=\"elementor-screen-only\">Next<\/span><\/span><\/a>\t\t\t<\/div>\n\t\t<\/div>\n\t\t\t\t\t\t<\/div>\n\t\t\t\t<\/div>\n\t\t\t\t<div class=\"elementor-element elementor-element-782deefb elementor-widget-divider--view-line elementor-widget elementor-widget-divider\" data-id=\"782deefb\" data-element_type=\"widget\" data-e-type=\"widget\" data-widget_type=\"divider.default\">\n\t\t\t\t<div class=\"elementor-widget-container\">\n\t\t\t\t\t\t\t<div class=\"elementor-divider\">\n\t\t\t<span class=\"elementor-divider-separator\">\n\t\t\t\t\t\t<\/span>\n\t\t<\/div>\n\t\t\t\t\t\t<\/div>\n\t\t\t\t<\/div>\n\t\t\t\t\t<\/div>\n\t\t<\/div>\n\t\t\t\t\t<\/div>\n\t\t<\/section>\n\t\t\t\t<\/div>","protected":false},"excerpt":{"rendered":"<p>\u00d6sterreichs Tennisfans sollten sich den kommenden Dienstag dick im Kalender markieren. Der 7. April 2026 wird beim Upper Austria Ladies Linz n\u00e4mlich zum \u201eTag der \u00d6sterreicherinnen\u201c. Im Mittelpunkt beim WTA-500er-Turnier steht dann der Premieren-Auftritt von Lilli Tagger in der ober\u00f6sterreichischen Landeshauptstadt. Die erst 18-j\u00e4hrige rot-wei\u00df-rote Tennishoffnung hat von Turnierdirektorin Sandra Reichel als erste Spielerin eine [&hellip;]<\/p>\n","protected":false},"author":4,"featured_media":12528,"comment_status":"closed","ping_status":"closed","sticky":false,"template":"elementor_header_footer","format":"standard","meta":{"footnotes":""},"categories":[1],"tags":[],"class_list":["post-13644","post","type-post","status-publish","format-standard","has-post-thumbnail","hentry","category-uncategorized"],"yoast_head":"<!-- This site is optimized with the Yoast SEO plugin v27.5 - https:\/\/yoast.com\/product\/yoast-seo-wordpress\/ -->\n<title>Lilli Tagger erh\u00e4lt Hauptfeld-Wildcard -\u00d6sterreicherinnen-Tag am Dienstag, 7. April - Upper Austria Ladies Linz<\/title>\n<meta name=\"robots\" content=\"index, follow, max-snippet:-1, max-image-preview:large, max-video-preview:-1\" \/>\n<link rel=\"canonical\" href=\"https:\/\/ladieslinz.at\/en\/lilli-tagger-erhaelt-hauptfeld-wildcard-oesterreicherinnen-tag-am-dienstag-7-april\/\" \/>\n<meta property=\"og:locale\" content=\"en_GB\" \/>\n<meta property=\"og:type\" content=\"article\" \/>\n<meta property=\"og:title\" content=\"Lilli Tagger erh\u00e4lt Hauptfeld-Wildcard -\u00d6sterreicherinnen-Tag am Dienstag, 7. April - Upper Austria Ladies Linz\" \/>\n<meta property=\"og:description\" content=\"\u00d6sterreichs Tennisfans sollten sich den kommenden Dienstag dick im Kalender markieren. Der 7. April 2026 wird beim Upper Austria Ladies Linz n\u00e4mlich zum \u201eTag der \u00d6sterreicherinnen\u201c. Im Mittelpunkt beim WTA-500er-Turnier steht dann der Premieren-Auftritt von Lilli Tagger in der ober\u00f6sterreichischen Landeshauptstadt. Die erst 18-j\u00e4hrige rot-wei\u00df-rote Tennishoffnung hat von Turnierdirektorin Sandra Reichel als erste Spielerin eine [&hellip;]\" \/>\n<meta property=\"og:url\" content=\"https:\/\/ladieslinz.at\/en\/lilli-tagger-erhaelt-hauptfeld-wildcard-oesterreicherinnen-tag-am-dienstag-7-april\/\" \/>\n<meta property=\"og:site_name\" content=\"Upper Austria Ladies Linz\" \/>\n<meta property=\"article:published_time\" content=\"2026-04-01T12:07:38+00:00\" \/>\n<meta property=\"article:modified_time\" content=\"2026-04-01T12:08:20+00:00\" \/>\n<meta property=\"og:image\" content=\"https:\/\/ladieslinz.at\/wp-content\/uploads\/2026\/01\/Kein-Titel-3000-x-2001-px-2.png\" \/>\n\t<meta property=\"og:image:width\" content=\"1875\" \/>\n\t<meta property=\"og:image:height\" content=\"1251\" \/>\n\t<meta property=\"og:image:type\" content=\"image\/png\" \/>\n<meta name=\"author\" content=\"Chrissi Ermer\" \/>\n<meta name=\"twitter:card\" content=\"summary_large_image\" \/>\n<meta name=\"twitter:creator\" content=\"@WTALinz\" \/>\n<meta name=\"twitter:site\" content=\"@WTALinz\" \/>\n<meta name=\"twitter:label1\" content=\"Written by\" \/>\n\t<meta name=\"twitter:data1\" content=\"Chrissi Ermer\" \/>\n\t<meta name=\"twitter:label2\" content=\"Estimated reading time\" \/>\n\t<meta name=\"twitter:data2\" content=\"3 minutes\" \/>\n<script type=\"application\/ld+json\" class=\"yoast-schema-graph\">{\"@context\":\"https:\\\/\\\/schema.org\",\"@graph\":[{\"@type\":\"Article\",\"@id\":\"https:\\\/\\\/ladieslinz.at\\\/lilli-tagger-erhaelt-hauptfeld-wildcard-oesterreicherinnen-tag-am-dienstag-7-april\\\/#article\",\"isPartOf\":{\"@id\":\"https:\\\/\\\/ladieslinz.at\\\/lilli-tagger-erhaelt-hauptfeld-wildcard-oesterreicherinnen-tag-am-dienstag-7-april\\\/\"},\"author\":{\"name\":\"Chrissi Ermer\",\"@id\":\"https:\\\/\\\/ladieslinz.at\\\/#\\\/schema\\\/person\\\/455c8eb5de0632c4c1321f3dc0f941c7\"},\"headline\":\"Lilli Tagger erh\u00e4lt Hauptfeld-Wildcard -\u00d6sterreicherinnen-Tag am Dienstag, 7. April\",\"datePublished\":\"2026-04-01T12:07:38+00:00\",\"dateModified\":\"2026-04-01T12:08:20+00:00\",\"mainEntityOfPage\":{\"@id\":\"https:\\\/\\\/ladieslinz.at\\\/lilli-tagger-erhaelt-hauptfeld-wildcard-oesterreicherinnen-tag-am-dienstag-7-april\\\/\"},\"wordCount\":395,\"publisher\":{\"@id\":\"https:\\\/\\\/ladieslinz.at\\\/#organization\"},\"image\":{\"@id\":\"https:\\\/\\\/ladieslinz.at\\\/lilli-tagger-erhaelt-hauptfeld-wildcard-oesterreicherinnen-tag-am-dienstag-7-april\\\/#primaryimage\"},\"thumbnailUrl\":\"https:\\\/\\\/ladieslinz.at\\\/wp-content\\\/uploads\\\/2026\\\/01\\\/Kein-Titel-3000-x-2001-px-2.png\",\"articleSection\":[\"Uncategorized\"],\"inLanguage\":\"en-GB\"},{\"@type\":\"WebPage\",\"@id\":\"https:\\\/\\\/ladieslinz.at\\\/lilli-tagger-erhaelt-hauptfeld-wildcard-oesterreicherinnen-tag-am-dienstag-7-april\\\/\",\"url\":\"https:\\\/\\\/ladieslinz.at\\\/lilli-tagger-erhaelt-hauptfeld-wildcard-oesterreicherinnen-tag-am-dienstag-7-april\\\/\",\"name\":\"Lilli Tagger erh\u00e4lt Hauptfeld-Wildcard -\u00d6sterreicherinnen-Tag am Dienstag, 7. April - Upper Austria Ladies Linz\",\"isPartOf\":{\"@id\":\"https:\\\/\\\/ladieslinz.at\\\/#website\"},\"primaryImageOfPage\":{\"@id\":\"https:\\\/\\\/ladieslinz.at\\\/lilli-tagger-erhaelt-hauptfeld-wildcard-oesterreicherinnen-tag-am-dienstag-7-april\\\/#primaryimage\"},\"image\":{\"@id\":\"https:\\\/\\\/ladieslinz.at\\\/lilli-tagger-erhaelt-hauptfeld-wildcard-oesterreicherinnen-tag-am-dienstag-7-april\\\/#primaryimage\"},\"thumbnailUrl\":\"https:\\\/\\\/ladieslinz.at\\\/wp-content\\\/uploads\\\/2026\\\/01\\\/Kein-Titel-3000-x-2001-px-2.png\",\"datePublished\":\"2026-04-01T12:07:38+00:00\",\"dateModified\":\"2026-04-01T12:08:20+00:00\",\"breadcrumb\":{\"@id\":\"https:\\\/\\\/ladieslinz.at\\\/lilli-tagger-erhaelt-hauptfeld-wildcard-oesterreicherinnen-tag-am-dienstag-7-april\\\/#breadcrumb\"},\"inLanguage\":\"en-GB\",\"potentialAction\":[{\"@type\":\"ReadAction\",\"target\":[\"https:\\\/\\\/ladieslinz.at\\\/lilli-tagger-erhaelt-hauptfeld-wildcard-oesterreicherinnen-tag-am-dienstag-7-april\\\/\"]}]},{\"@type\":\"ImageObject\",\"inLanguage\":\"en-GB\",\"@id\":\"https:\\\/\\\/ladieslinz.at\\\/lilli-tagger-erhaelt-hauptfeld-wildcard-oesterreicherinnen-tag-am-dienstag-7-april\\\/#primaryimage\",\"url\":\"https:\\\/\\\/ladieslinz.at\\\/wp-content\\\/uploads\\\/2026\\\/01\\\/Kein-Titel-3000-x-2001-px-2.png\",\"contentUrl\":\"https:\\\/\\\/ladieslinz.at\\\/wp-content\\\/uploads\\\/2026\\\/01\\\/Kein-Titel-3000-x-2001-px-2.png\",\"width\":1875,\"height\":1251},{\"@type\":\"BreadcrumbList\",\"@id\":\"https:\\\/\\\/ladieslinz.at\\\/lilli-tagger-erhaelt-hauptfeld-wildcard-oesterreicherinnen-tag-am-dienstag-7-april\\\/#breadcrumb\",\"itemListElement\":[{\"@type\":\"ListItem\",\"position\":1,\"name\":\"Startseite\",\"item\":\"https:\\\/\\\/ladieslinz.at\\\/\"},{\"@type\":\"ListItem\",\"position\":2,\"name\":\"Lilli Tagger erh\u00e4lt Hauptfeld-Wildcard -\u00d6sterreicherinnen-Tag am Dienstag, 7. April\"}]},{\"@type\":\"WebSite\",\"@id\":\"https:\\\/\\\/ladieslinz.at\\\/#website\",\"url\":\"https:\\\/\\\/ladieslinz.at\\\/\",\"name\":\"Upper Austria Ladies Linz\",\"description\":\"WTA500 Tennis\",\"publisher\":{\"@id\":\"https:\\\/\\\/ladieslinz.at\\\/#organization\"},\"potentialAction\":[{\"@type\":\"SearchAction\",\"target\":{\"@type\":\"EntryPoint\",\"urlTemplate\":\"https:\\\/\\\/ladieslinz.at\\\/?s={search_term_string}\"},\"query-input\":{\"@type\":\"PropertyValueSpecification\",\"valueRequired\":true,\"valueName\":\"search_term_string\"}}],\"inLanguage\":\"en-GB\"},{\"@type\":\"Organization\",\"@id\":\"https:\\\/\\\/ladieslinz.at\\\/#organization\",\"name\":\"Upper Austria Ladies Linz\",\"url\":\"https:\\\/\\\/ladieslinz.at\\\/\",\"logo\":{\"@type\":\"ImageObject\",\"inLanguage\":\"en-GB\",\"@id\":\"https:\\\/\\\/ladieslinz.at\\\/#\\\/schema\\\/logo\\\/image\\\/\",\"url\":\"https:\\\/\\\/ladieslinz.at\\\/wp-content\\\/uploads\\\/2022\\\/09\\\/LOGO-Neg.png\",\"contentUrl\":\"https:\\\/\\\/ladieslinz.at\\\/wp-content\\\/uploads\\\/2022\\\/09\\\/LOGO-Neg.png\",\"width\":586,\"height\":221,\"caption\":\"Upper Austria Ladies Linz\"},\"image\":{\"@id\":\"https:\\\/\\\/ladieslinz.at\\\/#\\\/schema\\\/logo\\\/image\\\/\"},\"sameAs\":[\"https:\\\/\\\/x.com\\\/WTALinz\",\"https:\\\/\\\/www.instagram.com\\\/wtalinz\\\/?hl=de\"]},{\"@type\":\"Person\",\"@id\":\"https:\\\/\\\/ladieslinz.at\\\/#\\\/schema\\\/person\\\/455c8eb5de0632c4c1321f3dc0f941c7\",\"name\":\"Chrissi Ermer\",\"url\":\"https:\\\/\\\/ladieslinz.at\\\/en\\\/author\\\/ll-chrissi\\\/\"}]}<\/script>\n<!-- \/ Yoast SEO plugin. -->","yoast_head_json":{"title":"Lilli Tagger erh\u00e4lt Hauptfeld-Wildcard -\u00d6sterreicherinnen-Tag am Dienstag, 7. April - Upper Austria Ladies Linz","robots":{"index":"index","follow":"follow","max-snippet":"max-snippet:-1","max-image-preview":"max-image-preview:large","max-video-preview":"max-video-preview:-1"},"canonical":"https:\/\/ladieslinz.at\/en\/lilli-tagger-erhaelt-hauptfeld-wildcard-oesterreicherinnen-tag-am-dienstag-7-april\/","og_locale":"en_GB","og_type":"article","og_title":"Lilli Tagger erh\u00e4lt Hauptfeld-Wildcard -\u00d6sterreicherinnen-Tag am Dienstag, 7. April - Upper Austria Ladies Linz","og_description":"\u00d6sterreichs Tennisfans sollten sich den kommenden Dienstag dick im Kalender markieren. Der 7. April 2026 wird beim Upper Austria Ladies Linz n\u00e4mlich zum \u201eTag der \u00d6sterreicherinnen\u201c. Im Mittelpunkt beim WTA-500er-Turnier steht dann der Premieren-Auftritt von Lilli Tagger in der ober\u00f6sterreichischen Landeshauptstadt. Die erst 18-j\u00e4hrige rot-wei\u00df-rote Tennishoffnung hat von Turnierdirektorin Sandra Reichel als erste Spielerin eine [&hellip;]","og_url":"https:\/\/ladieslinz.at\/en\/lilli-tagger-erhaelt-hauptfeld-wildcard-oesterreicherinnen-tag-am-dienstag-7-april\/","og_site_name":"Upper Austria Ladies Linz","article_published_time":"2026-04-01T12:07:38+00:00","article_modified_time":"2026-04-01T12:08:20+00:00","og_image":[{"width":1875,"height":1251,"url":"https:\/\/ladieslinz.at\/wp-content\/uploads\/2026\/01\/Kein-Titel-3000-x-2001-px-2.png","type":"image\/png"}],"author":"Chrissi Ermer","twitter_card":"summary_large_image","twitter_creator":"@WTALinz","twitter_site":"@WTALinz","twitter_misc":{"Written by":"Chrissi Ermer","Estimated reading time":"3 minutes"},"schema":{"@context":"https:\/\/schema.org","@graph":[{"@type":"Article","@id":"https:\/\/ladieslinz.at\/lilli-tagger-erhaelt-hauptfeld-wildcard-oesterreicherinnen-tag-am-dienstag-7-april\/#article","isPartOf":{"@id":"https:\/\/ladieslinz.at\/lilli-tagger-erhaelt-hauptfeld-wildcard-oesterreicherinnen-tag-am-dienstag-7-april\/"},"author":{"name":"Chrissi Ermer","@id":"https:\/\/ladieslinz.at\/#\/schema\/person\/455c8eb5de0632c4c1321f3dc0f941c7"},"headline":"Lilli Tagger erh\u00e4lt Hauptfeld-Wildcard -\u00d6sterreicherinnen-Tag am Dienstag, 7. April","datePublished":"2026-04-01T12:07:38+00:00","dateModified":"2026-04-01T12:08:20+00:00","mainEntityOfPage":{"@id":"https:\/\/ladieslinz.at\/lilli-tagger-erhaelt-hauptfeld-wildcard-oesterreicherinnen-tag-am-dienstag-7-april\/"},"wordCount":395,"publisher":{"@id":"https:\/\/ladieslinz.at\/#organization"},"image":{"@id":"https:\/\/ladieslinz.at\/lilli-tagger-erhaelt-hauptfeld-wildcard-oesterreicherinnen-tag-am-dienstag-7-april\/#primaryimage"},"thumbnailUrl":"https:\/\/ladieslinz.at\/wp-content\/uploads\/2026\/01\/Kein-Titel-3000-x-2001-px-2.png","articleSection":["Uncategorized"],"inLanguage":"en-GB"},{"@type":"WebPage","@id":"https:\/\/ladieslinz.at\/lilli-tagger-erhaelt-hauptfeld-wildcard-oesterreicherinnen-tag-am-dienstag-7-april\/","url":"https:\/\/ladieslinz.at\/lilli-tagger-erhaelt-hauptfeld-wildcard-oesterreicherinnen-tag-am-dienstag-7-april\/","name":"Lilli Tagger erh\u00e4lt Hauptfeld-Wildcard -\u00d6sterreicherinnen-Tag am Dienstag, 7. April - Upper Austria Ladies Linz","isPartOf":{"@id":"https:\/\/ladieslinz.at\/#website"},"primaryImageOfPage":{"@id":"https:\/\/ladieslinz.at\/lilli-tagger-erhaelt-hauptfeld-wildcard-oesterreicherinnen-tag-am-dienstag-7-april\/#primaryimage"},"image":{"@id":"https:\/\/ladieslinz.at\/lilli-tagger-erhaelt-hauptfeld-wildcard-oesterreicherinnen-tag-am-dienstag-7-april\/#primaryimage"},"thumbnailUrl":"https:\/\/ladieslinz.at\/wp-content\/uploads\/2026\/01\/Kein-Titel-3000-x-2001-px-2.png","datePublished":"2026-04-01T12:07:38+00:00","dateModified":"2026-04-01T12:08:20+00:00","breadcrumb":{"@id":"https:\/\/ladieslinz.at\/lilli-tagger-erhaelt-hauptfeld-wildcard-oesterreicherinnen-tag-am-dienstag-7-april\/#breadcrumb"},"inLanguage":"en-GB","potentialAction":[{"@type":"ReadAction","target":["https:\/\/ladieslinz.at\/lilli-tagger-erhaelt-hauptfeld-wildcard-oesterreicherinnen-tag-am-dienstag-7-april\/"]}]},{"@type":"ImageObject","inLanguage":"en-GB","@id":"https:\/\/ladieslinz.at\/lilli-tagger-erhaelt-hauptfeld-wildcard-oesterreicherinnen-tag-am-dienstag-7-april\/#primaryimage","url":"https:\/\/ladieslinz.at\/wp-content\/uploads\/2026\/01\/Kein-Titel-3000-x-2001-px-2.png","contentUrl":"https:\/\/ladieslinz.at\/wp-content\/uploads\/2026\/01\/Kein-Titel-3000-x-2001-px-2.png","width":1875,"height":1251},{"@type":"BreadcrumbList","@id":"https:\/\/ladieslinz.at\/lilli-tagger-erhaelt-hauptfeld-wildcard-oesterreicherinnen-tag-am-dienstag-7-april\/#breadcrumb","itemListElement":[{"@type":"ListItem","position":1,"name":"Startseite","item":"https:\/\/ladieslinz.at\/"},{"@type":"ListItem","position":2,"name":"Lilli Tagger erh\u00e4lt Hauptfeld-Wildcard -\u00d6sterreicherinnen-Tag am Dienstag, 7. April"}]},{"@type":"WebSite","@id":"https:\/\/ladieslinz.at\/#website","url":"https:\/\/ladieslinz.at\/","name":"Upper Austria Ladies Linz","description":"WTA500 Tennis","publisher":{"@id":"https:\/\/ladieslinz.at\/#organization"},"potentialAction":[{"@type":"SearchAction","target":{"@type":"EntryPoint","urlTemplate":"https:\/\/ladieslinz.at\/?s={search_term_string}"},"query-input":{"@type":"PropertyValueSpecification","valueRequired":true,"valueName":"search_term_string"}}],"inLanguage":"en-GB"},{"@type":"Organization","@id":"https:\/\/ladieslinz.at\/#organization","name":"Upper Austria Ladies Linz","url":"https:\/\/ladieslinz.at\/","logo":{"@type":"ImageObject","inLanguage":"en-GB","@id":"https:\/\/ladieslinz.at\/#\/schema\/logo\/image\/","url":"https:\/\/ladieslinz.at\/wp-content\/uploads\/2022\/09\/LOGO-Neg.png","contentUrl":"https:\/\/ladieslinz.at\/wp-content\/uploads\/2022\/09\/LOGO-Neg.png","width":586,"height":221,"caption":"Upper Austria Ladies Linz"},"image":{"@id":"https:\/\/ladieslinz.at\/#\/schema\/logo\/image\/"},"sameAs":["https:\/\/x.com\/WTALinz","https:\/\/www.instagram.com\/wtalinz\/?hl=de"]},{"@type":"Person","@id":"https:\/\/ladieslinz.at\/#\/schema\/person\/455c8eb5de0632c4c1321f3dc0f941c7","name":"Chrissi Ermer","url":"https:\/\/ladieslinz.at\/en\/author\/ll-chrissi\/"}]}},"_links":{"self":[{"href":"https:\/\/ladieslinz.at\/en\/wp-json\/wp\/v2\/posts\/13644","targetHints":{"allow":["GET"]}}],"collection":[{"href":"https:\/\/ladieslinz.at\/en\/wp-json\/wp\/v2\/posts"}],"about":[{"href":"https:\/\/ladieslinz.at\/en\/wp-json\/wp\/v2\/types\/post"}],"author":[{"embeddable":true,"href":"https:\/\/ladieslinz.at\/en\/wp-json\/wp\/v2\/users\/4"}],"replies":[{"embeddable":true,"href":"https:\/\/ladieslinz.at\/en\/wp-json\/wp\/v2\/comments?post=13644"}],"version-history":[{"count":0,"href":"https:\/\/ladieslinz.at\/en\/wp-json\/wp\/v2\/posts\/13644\/revisions"}],"wp:featuredmedia":[{"embeddable":true,"href":"https:\/\/ladieslinz.at\/en\/wp-json\/wp\/v2\/media\/12528"}],"wp:attachment":[{"href":"https:\/\/ladieslinz.at\/en\/wp-json\/wp\/v2\/media?parent=13644"}],"wp:term":[{"taxonomy":"category","embeddable":true,"href":"https:\/\/ladieslinz.at\/en\/wp-json\/wp\/v2\/categories?post=13644"},{"taxonomy":"post_tag","embeddable":true,"href":"https:\/\/ladieslinz.at\/en\/wp-json\/wp\/v2\/tags?post=13644"}],"curies":[{"name":"wp","href":"https:\/\/api.w.org\/{rel}","templated":true}]}}