{"id":2896,"date":"2023-02-09T12:52:54","date_gmt":"2023-02-09T11:52:54","guid":{"rendered":"https:\/\/ladieslinz.at\/?p=2896"},"modified":"2023-02-21T16:07:06","modified_gmt":"2023-02-21T15:07:06","slug":"landeshauptmann-thomas-stelzer-empfaengt-wta-praesidentin-micky-lawler","status":"publish","type":"post","link":"https:\/\/ladieslinz.at\/en\/landeshauptmann-thomas-stelzer-empfaengt-wta-praesidentin-micky-lawler\/","title":{"rendered":"Governor Thomas Stelzer receives WTA President Micky Lawler"},"content":{"rendered":"<div data-elementor-type=\"wp-post\" data-elementor-id=\"2896\" class=\"elementor elementor-2896\" data-elementor-post-type=\"post\">\n\t\t\t\t\t\t<section class=\"elementor-section elementor-top-section elementor-element elementor-element-103ca0f9 elementor-section-boxed elementor-section-height-default elementor-section-height-default\" data-id=\"103ca0f9\" data-element_type=\"section\" data-e-type=\"section\" data-settings=\"{&quot;background_background&quot;:&quot;classic&quot;}\">\n\t\t\t\t\t\t<div class=\"elementor-container elementor-column-gap-default\">\n\t\t\t\t\t<div class=\"elementor-column elementor-col-100 elementor-top-column elementor-element elementor-element-4a41e01a\" data-id=\"4a41e01a\" data-element_type=\"column\" data-e-type=\"column\" data-settings=\"{&quot;background_background&quot;:&quot;classic&quot;}\">\n\t\t\t<div class=\"elementor-widget-wrap elementor-element-populated\">\n\t\t\t\t\t\t<div class=\"elementor-element elementor-element-1bcbef15 elementor-widget elementor-widget-theme-post-featured-image elementor-widget-image\" data-id=\"1bcbef15\" data-element_type=\"widget\" data-e-type=\"widget\" data-widget_type=\"theme-post-featured-image.default\">\n\t\t\t\t<div class=\"elementor-widget-container\">\n\t\t\t\t\t\t\t\t\t\t\t\t\t\t\t<img decoding=\"async\" src=\"https:\/\/ladieslinz.at\/wp-content\/uploads\/elementor\/thumbs\/ASC_1690-copy-2-q1wmp0k91uuaym6o3yaaqu10lgpmcxb0jy97edzhjc.jpg\" title=\"ASC_1690 copy 2\" alt=\"ASC_1690 copy 2\" loading=\"lazy\" \/>\t\t\t\t\t\t\t\t\t\t\t\t\t\t\t<\/div>\n\t\t\t\t<\/div>\n\t\t\t\t<div class=\"elementor-element elementor-element-68f54975 elementor-mobile-align-center elementor-widget elementor-widget-post-info\" data-id=\"68f54975\" data-element_type=\"widget\" data-e-type=\"widget\" data-widget_type=\"post-info.default\">\n\t\t\t\t<div class=\"elementor-widget-container\">\n\t\t\t\t\t\t\t<ul class=\"elementor-inline-items elementor-icon-list-items elementor-post-info\">\n\t\t\t\t\t\t\t\t<li class=\"elementor-icon-list-item elementor-repeater-item-ba9c996 elementor-inline-item\" itemprop=\"datePublished\">\n\t\t\t\t\t\t<a href=\"https:\/\/ladieslinz.at\/en\/2023\/02\/09\/\">\n\t\t\t\t\t\t\t\t\t\t\t<span class=\"elementor-icon-list-icon\">\n\t\t\t\t\t\t\t\t<i aria-hidden=\"true\" class=\"fas fa-calendar\"><\/i>\t\t\t\t\t\t\t<\/span>\n\t\t\t\t\t\t\t\t\t<span class=\"elementor-icon-list-text elementor-post-info__item elementor-post-info__item--type-date\">\n\t\t\t\t\t\t\t\t\t\t<time>February 9, 2023<\/time>\t\t\t\t\t<\/span>\n\t\t\t\t\t\t\t\t\t<\/a>\n\t\t\t\t<\/li>\n\t\t\t\t<li class=\"elementor-icon-list-item elementor-repeater-item-d7670a7 elementor-inline-item\">\n\t\t\t\t\t\t\t\t\t\t<span class=\"elementor-icon-list-icon\">\n\t\t\t\t\t\t\t\t<i aria-hidden=\"true\" class=\"far fa-clock\"><\/i>\t\t\t\t\t\t\t<\/span>\n\t\t\t\t\t\t\t\t\t<span class=\"elementor-icon-list-text elementor-post-info__item elementor-post-info__item--type-time\">\n\t\t\t\t\t\t\t\t\t\t<time>12:52 pm<\/time>\t\t\t\t\t<\/span>\n\t\t\t\t\t\t\t\t<\/li>\n\t\t\t\t<\/ul>\n\t\t\t\t\t\t<\/div>\n\t\t\t\t<\/div>\n\t\t\t\t<div class=\"elementor-element elementor-element-57d268c0 elementor-widget elementor-widget-theme-post-title elementor-page-title elementor-widget-heading\" data-id=\"57d268c0\" data-element_type=\"widget\" data-e-type=\"widget\" data-widget_type=\"theme-post-title.default\">\n\t\t\t\t<div class=\"elementor-widget-container\">\n\t\t\t\t\t<h1 class=\"elementor-heading-title elementor-size-default\">Governor Thomas Stelzer receives WTA President Micky Lawler<\/h1>\t\t\t\t<\/div>\n\t\t\t\t<\/div>\n\t\t\t\t<div class=\"elementor-element elementor-element-753df6a1 elementor-widget elementor-widget-text-editor\" data-id=\"753df6a1\" data-element_type=\"widget\" data-e-type=\"widget\" data-widget_type=\"text-editor.default\">\n\t\t\t\t<div class=\"elementor-widget-container\">\n\t\t\t\t\t\t\t\t\t<p>Governor Thomas Stelzer received WTA President Micky Lawler together with Tournament Director Sandra Reichel and Tournament Founder Peter-Michael Reichel at the Landhaus on Thursday morning.<br \/><br \/>Governor Stelzer emphasised the importance of the Upper Austria Ladies Linz for Upper Austria. WTA President Micky Lawler emphasised that the Linz tournament is now the second oldest indoor tournament on the global WTA Tour.<\/p>\t\t\t\t\t\t\t\t<\/div>\n\t\t\t\t<\/div>\n\t\t\t\t<div class=\"elementor-element elementor-element-4f9af10c elementor-widget elementor-widget-post-navigation\" data-id=\"4f9af10c\" data-element_type=\"widget\" data-e-type=\"widget\" data-widget_type=\"post-navigation.default\">\n\t\t\t\t<div class=\"elementor-widget-container\">\n\t\t\t\t\t\t\t<div class=\"elementor-post-navigation\" role=\"navigation\" aria-label=\"Post Navigation\">\n\t\t\t<div class=\"elementor-post-navigation__prev elementor-post-navigation__link\">\n\t\t\t\t<a href=\"https:\/\/ladieslinz.at\/en\/julia-grabher-konnte-chancen-nicht-nuetzen\/\" rel=\"prev\"><span class=\"post-navigation__arrow-wrapper post-navigation__arrow-prev\"><i aria-hidden=\"true\" class=\"fas fa-angle-left\"><\/i><span class=\"elementor-screen-only\">Prev<\/span><\/span><span class=\"elementor-post-navigation__link__prev\"><span class=\"post-navigation__prev--label\">Previous<\/span><span class=\"post-navigation__prev--title\">Julia Grabher couldn't capitalise on her chances<\/span><\/span><\/a>\t\t\t<\/div>\n\t\t\t\t\t\t<div class=\"elementor-post-navigation__next elementor-post-navigation__link\">\n\t\t\t\t<a href=\"https:\/\/ladieslinz.at\/en\/friedsam-setzt-im-viertelfinale-gegen-potapova-auf-powertennis\/\" rel=\"next\"><span class=\"elementor-post-navigation__link__next\"><span class=\"post-navigation__next--label\">Next<\/span><span class=\"post-navigation__next--title\">Friedsam relies on power tennis in quarter-final against Potapova<\/span><\/span><span class=\"post-navigation__arrow-wrapper post-navigation__arrow-next\"><i aria-hidden=\"true\" class=\"fas fa-angle-right\"><\/i><span class=\"elementor-screen-only\">Next<\/span><\/span><\/a>\t\t\t<\/div>\n\t\t<\/div>\n\t\t\t\t\t\t<\/div>\n\t\t\t\t<\/div>\n\t\t\t\t<div class=\"elementor-element elementor-element-176401f7 elementor-widget-divider--view-line elementor-widget elementor-widget-divider\" data-id=\"176401f7\" data-element_type=\"widget\" data-e-type=\"widget\" data-widget_type=\"divider.default\">\n\t\t\t\t<div class=\"elementor-widget-container\">\n\t\t\t\t\t\t\t<div class=\"elementor-divider\">\n\t\t\t<span class=\"elementor-divider-separator\">\n\t\t\t\t\t\t<\/span>\n\t\t<\/div>\n\t\t\t\t\t\t<\/div>\n\t\t\t\t<\/div>\n\t\t\t\t\t<\/div>\n\t\t<\/div>\n\t\t\t\t\t<\/div>\n\t\t<\/section>\n\t\t\t\t<\/div>","protected":false},"excerpt":{"rendered":"<p>Governor Thomas Stelzer received WTA President Micky Lawler together with Tournament Director Sandra Reichel and Tournament Founder Peter-Michael Reichel at the State House on Thursday morning. Governor Stelzer emphasised the importance of the Upper Austria Ladies Linz for Upper Austria. WTA President Micky Lawler emphasised that the Linz tournament is now the second oldest indoor tournament on the global WTA Tour.<\/p>","protected":false},"author":4,"featured_media":2903,"comment_status":"open","ping_status":"open","sticky":false,"template":"elementor_header_footer","format":"standard","meta":{"footnotes":""},"categories":[1],"tags":[],"class_list":["post-2896","post","type-post","status-publish","format-standard","has-post-thumbnail","hentry","category-uncategorized"],"yoast_head":"<!-- This site is optimized with the Yoast SEO plugin v27.4 - https:\/\/yoast.com\/product\/yoast-seo-wordpress\/ -->\n<title>Landeshauptmann Thomas Stelzer empf\u00e4ngt WTA-Pr\u00e4sidentin Micky Lawler - Upper Austria Ladies Linz<\/title>\n<meta name=\"robots\" content=\"index, follow, max-snippet:-1, max-image-preview:large, max-video-preview:-1\" \/>\n<link rel=\"canonical\" href=\"https:\/\/ladieslinz.at\/en\/landeshauptmann-thomas-stelzer-empfaengt-wta-praesidentin-micky-lawler\/\" \/>\n<meta property=\"og:locale\" content=\"en_GB\" \/>\n<meta property=\"og:type\" content=\"article\" \/>\n<meta property=\"og:title\" content=\"Landeshauptmann Thomas Stelzer empf\u00e4ngt WTA-Pr\u00e4sidentin Micky Lawler - Upper Austria Ladies Linz\" \/>\n<meta property=\"og:description\" content=\"Landeshauptmann Thomas Stelzer hat am Donnerstagvormittag im Landhaus die WTA-Pr\u00e4sidentin Micky Lawler gemeinsam mit Turnierdirektorin Sandra Reichel und Turniergr\u00fcnder Peter-Michael Reichel empfangen. Landeshauptmann Stelzer hob die Bedeutung des Upper Austria Ladies Linz f\u00fcr Ober\u00f6sterreich hervor. WTA-Pr\u00e4sidentin Micky Lawler betonte, dass das Linzer Turnier inzwischen das zweit\u00e4lteste Hallenturnier auf der weltweiten WTA-Tour sei.\" \/>\n<meta property=\"og:url\" content=\"https:\/\/ladieslinz.at\/en\/landeshauptmann-thomas-stelzer-empfaengt-wta-praesidentin-micky-lawler\/\" \/>\n<meta property=\"og:site_name\" content=\"Upper Austria Ladies Linz\" \/>\n<meta property=\"article:published_time\" content=\"2023-02-09T11:52:54+00:00\" \/>\n<meta property=\"article:modified_time\" content=\"2023-02-21T15:07:06+00:00\" \/>\n<meta property=\"og:image\" content=\"https:\/\/ladieslinz.at\/wp-content\/uploads\/2023\/02\/ASC_1690-copy-2.jpg\" \/>\n\t<meta property=\"og:image:width\" content=\"1140\" \/>\n\t<meta property=\"og:image:height\" content=\"500\" \/>\n\t<meta property=\"og:image:type\" content=\"image\/jpeg\" \/>\n<meta name=\"author\" content=\"Chrissi Ermer\" \/>\n<meta name=\"twitter:card\" content=\"summary_large_image\" \/>\n<meta name=\"twitter:creator\" content=\"@WTALinz\" \/>\n<meta name=\"twitter:site\" content=\"@WTALinz\" \/>\n<meta name=\"twitter:label1\" content=\"Written by\" \/>\n\t<meta name=\"twitter:data1\" content=\"Chrissi Ermer\" \/>\n<script type=\"application\/ld+json\" class=\"yoast-schema-graph\">{\"@context\":\"https:\\\/\\\/schema.org\",\"@graph\":[{\"@type\":\"Article\",\"@id\":\"https:\\\/\\\/ladieslinz.at\\\/landeshauptmann-thomas-stelzer-empfaengt-wta-praesidentin-micky-lawler\\\/#article\",\"isPartOf\":{\"@id\":\"https:\\\/\\\/ladieslinz.at\\\/landeshauptmann-thomas-stelzer-empfaengt-wta-praesidentin-micky-lawler\\\/\"},\"author\":{\"name\":\"Chrissi Ermer\",\"@id\":\"https:\\\/\\\/ladieslinz.at\\\/#\\\/schema\\\/person\\\/455c8eb5de0632c4c1321f3dc0f941c7\"},\"headline\":\"Landeshauptmann Thomas Stelzer empf\u00e4ngt WTA-Pr\u00e4sidentin Micky Lawler\",\"datePublished\":\"2023-02-09T11:52:54+00:00\",\"dateModified\":\"2023-02-21T15:07:06+00:00\",\"mainEntityOfPage\":{\"@id\":\"https:\\\/\\\/ladieslinz.at\\\/landeshauptmann-thomas-stelzer-empfaengt-wta-praesidentin-micky-lawler\\\/\"},\"wordCount\":67,\"commentCount\":0,\"publisher\":{\"@id\":\"https:\\\/\\\/ladieslinz.at\\\/#organization\"},\"image\":{\"@id\":\"https:\\\/\\\/ladieslinz.at\\\/landeshauptmann-thomas-stelzer-empfaengt-wta-praesidentin-micky-lawler\\\/#primaryimage\"},\"thumbnailUrl\":\"https:\\\/\\\/ladieslinz.at\\\/wp-content\\\/uploads\\\/2023\\\/02\\\/ASC_1690-copy-2.jpg\",\"articleSection\":[\"Uncategorized\"],\"inLanguage\":\"en-GB\",\"potentialAction\":[{\"@type\":\"CommentAction\",\"name\":\"Comment\",\"target\":[\"https:\\\/\\\/ladieslinz.at\\\/landeshauptmann-thomas-stelzer-empfaengt-wta-praesidentin-micky-lawler\\\/#respond\"]}]},{\"@type\":\"WebPage\",\"@id\":\"https:\\\/\\\/ladieslinz.at\\\/landeshauptmann-thomas-stelzer-empfaengt-wta-praesidentin-micky-lawler\\\/\",\"url\":\"https:\\\/\\\/ladieslinz.at\\\/landeshauptmann-thomas-stelzer-empfaengt-wta-praesidentin-micky-lawler\\\/\",\"name\":\"Landeshauptmann Thomas Stelzer empf\u00e4ngt WTA-Pr\u00e4sidentin Micky Lawler - Upper Austria Ladies Linz\",\"isPartOf\":{\"@id\":\"https:\\\/\\\/ladieslinz.at\\\/#website\"},\"primaryImageOfPage\":{\"@id\":\"https:\\\/\\\/ladieslinz.at\\\/landeshauptmann-thomas-stelzer-empfaengt-wta-praesidentin-micky-lawler\\\/#primaryimage\"},\"image\":{\"@id\":\"https:\\\/\\\/ladieslinz.at\\\/landeshauptmann-thomas-stelzer-empfaengt-wta-praesidentin-micky-lawler\\\/#primaryimage\"},\"thumbnailUrl\":\"https:\\\/\\\/ladieslinz.at\\\/wp-content\\\/uploads\\\/2023\\\/02\\\/ASC_1690-copy-2.jpg\",\"datePublished\":\"2023-02-09T11:52:54+00:00\",\"dateModified\":\"2023-02-21T15:07:06+00:00\",\"breadcrumb\":{\"@id\":\"https:\\\/\\\/ladieslinz.at\\\/landeshauptmann-thomas-stelzer-empfaengt-wta-praesidentin-micky-lawler\\\/#breadcrumb\"},\"inLanguage\":\"en-GB\",\"potentialAction\":[{\"@type\":\"ReadAction\",\"target\":[\"https:\\\/\\\/ladieslinz.at\\\/landeshauptmann-thomas-stelzer-empfaengt-wta-praesidentin-micky-lawler\\\/\"]}]},{\"@type\":\"ImageObject\",\"inLanguage\":\"en-GB\",\"@id\":\"https:\\\/\\\/ladieslinz.at\\\/landeshauptmann-thomas-stelzer-empfaengt-wta-praesidentin-micky-lawler\\\/#primaryimage\",\"url\":\"https:\\\/\\\/ladieslinz.at\\\/wp-content\\\/uploads\\\/2023\\\/02\\\/ASC_1690-copy-2.jpg\",\"contentUrl\":\"https:\\\/\\\/ladieslinz.at\\\/wp-content\\\/uploads\\\/2023\\\/02\\\/ASC_1690-copy-2.jpg\",\"width\":1140,\"height\":500},{\"@type\":\"BreadcrumbList\",\"@id\":\"https:\\\/\\\/ladieslinz.at\\\/landeshauptmann-thomas-stelzer-empfaengt-wta-praesidentin-micky-lawler\\\/#breadcrumb\",\"itemListElement\":[{\"@type\":\"ListItem\",\"position\":1,\"name\":\"Startseite\",\"item\":\"https:\\\/\\\/ladieslinz.at\\\/\"},{\"@type\":\"ListItem\",\"position\":2,\"name\":\"Landeshauptmann Thomas Stelzer empf\u00e4ngt WTA-Pr\u00e4sidentin Micky Lawler\"}]},{\"@type\":\"WebSite\",\"@id\":\"https:\\\/\\\/ladieslinz.at\\\/#website\",\"url\":\"https:\\\/\\\/ladieslinz.at\\\/\",\"name\":\"Upper Austria Ladies Linz\",\"description\":\"WTA500 Tennis\",\"publisher\":{\"@id\":\"https:\\\/\\\/ladieslinz.at\\\/#organization\"},\"potentialAction\":[{\"@type\":\"SearchAction\",\"target\":{\"@type\":\"EntryPoint\",\"urlTemplate\":\"https:\\\/\\\/ladieslinz.at\\\/?s={search_term_string}\"},\"query-input\":{\"@type\":\"PropertyValueSpecification\",\"valueRequired\":true,\"valueName\":\"search_term_string\"}}],\"inLanguage\":\"en-GB\"},{\"@type\":\"Organization\",\"@id\":\"https:\\\/\\\/ladieslinz.at\\\/#organization\",\"name\":\"Upper Austria Ladies Linz\",\"url\":\"https:\\\/\\\/ladieslinz.at\\\/\",\"logo\":{\"@type\":\"ImageObject\",\"inLanguage\":\"en-GB\",\"@id\":\"https:\\\/\\\/ladieslinz.at\\\/#\\\/schema\\\/logo\\\/image\\\/\",\"url\":\"https:\\\/\\\/ladieslinz.at\\\/wp-content\\\/uploads\\\/2022\\\/09\\\/LOGO-Neg.png\",\"contentUrl\":\"https:\\\/\\\/ladieslinz.at\\\/wp-content\\\/uploads\\\/2022\\\/09\\\/LOGO-Neg.png\",\"width\":586,\"height\":221,\"caption\":\"Upper Austria Ladies Linz\"},\"image\":{\"@id\":\"https:\\\/\\\/ladieslinz.at\\\/#\\\/schema\\\/logo\\\/image\\\/\"},\"sameAs\":[\"https:\\\/\\\/x.com\\\/WTALinz\",\"https:\\\/\\\/www.instagram.com\\\/wtalinz\\\/?hl=de\"]},{\"@type\":\"Person\",\"@id\":\"https:\\\/\\\/ladieslinz.at\\\/#\\\/schema\\\/person\\\/455c8eb5de0632c4c1321f3dc0f941c7\",\"name\":\"Chrissi Ermer\",\"url\":\"https:\\\/\\\/ladieslinz.at\\\/en\\\/author\\\/ll-chrissi\\\/\"}]}<\/script>\n<!-- \/ Yoast SEO plugin. -->","yoast_head_json":{"title":"Landeshauptmann Thomas Stelzer empf\u00e4ngt WTA-Pr\u00e4sidentin Micky Lawler - Upper Austria Ladies Linz","robots":{"index":"index","follow":"follow","max-snippet":"max-snippet:-1","max-image-preview":"max-image-preview:large","max-video-preview":"max-video-preview:-1"},"canonical":"https:\/\/ladieslinz.at\/en\/landeshauptmann-thomas-stelzer-empfaengt-wta-praesidentin-micky-lawler\/","og_locale":"en_GB","og_type":"article","og_title":"Landeshauptmann Thomas Stelzer empf\u00e4ngt WTA-Pr\u00e4sidentin Micky Lawler - Upper Austria Ladies Linz","og_description":"Landeshauptmann Thomas Stelzer hat am Donnerstagvormittag im Landhaus die WTA-Pr\u00e4sidentin Micky Lawler gemeinsam mit Turnierdirektorin Sandra Reichel und Turniergr\u00fcnder Peter-Michael Reichel empfangen. Landeshauptmann Stelzer hob die Bedeutung des Upper Austria Ladies Linz f\u00fcr Ober\u00f6sterreich hervor. WTA-Pr\u00e4sidentin Micky Lawler betonte, dass das Linzer Turnier inzwischen das zweit\u00e4lteste Hallenturnier auf der weltweiten WTA-Tour sei.","og_url":"https:\/\/ladieslinz.at\/en\/landeshauptmann-thomas-stelzer-empfaengt-wta-praesidentin-micky-lawler\/","og_site_name":"Upper Austria Ladies Linz","article_published_time":"2023-02-09T11:52:54+00:00","article_modified_time":"2023-02-21T15:07:06+00:00","og_image":[{"width":1140,"height":500,"url":"https:\/\/ladieslinz.at\/wp-content\/uploads\/2023\/02\/ASC_1690-copy-2.jpg","type":"image\/jpeg"}],"author":"Chrissi Ermer","twitter_card":"summary_large_image","twitter_creator":"@WTALinz","twitter_site":"@WTALinz","twitter_misc":{"Written by":"Chrissi Ermer"},"schema":{"@context":"https:\/\/schema.org","@graph":[{"@type":"Article","@id":"https:\/\/ladieslinz.at\/landeshauptmann-thomas-stelzer-empfaengt-wta-praesidentin-micky-lawler\/#article","isPartOf":{"@id":"https:\/\/ladieslinz.at\/landeshauptmann-thomas-stelzer-empfaengt-wta-praesidentin-micky-lawler\/"},"author":{"name":"Chrissi Ermer","@id":"https:\/\/ladieslinz.at\/#\/schema\/person\/455c8eb5de0632c4c1321f3dc0f941c7"},"headline":"Landeshauptmann Thomas Stelzer empf\u00e4ngt WTA-Pr\u00e4sidentin Micky Lawler","datePublished":"2023-02-09T11:52:54+00:00","dateModified":"2023-02-21T15:07:06+00:00","mainEntityOfPage":{"@id":"https:\/\/ladieslinz.at\/landeshauptmann-thomas-stelzer-empfaengt-wta-praesidentin-micky-lawler\/"},"wordCount":67,"commentCount":0,"publisher":{"@id":"https:\/\/ladieslinz.at\/#organization"},"image":{"@id":"https:\/\/ladieslinz.at\/landeshauptmann-thomas-stelzer-empfaengt-wta-praesidentin-micky-lawler\/#primaryimage"},"thumbnailUrl":"https:\/\/ladieslinz.at\/wp-content\/uploads\/2023\/02\/ASC_1690-copy-2.jpg","articleSection":["Uncategorized"],"inLanguage":"en-GB","potentialAction":[{"@type":"CommentAction","name":"Comment","target":["https:\/\/ladieslinz.at\/landeshauptmann-thomas-stelzer-empfaengt-wta-praesidentin-micky-lawler\/#respond"]}]},{"@type":"WebPage","@id":"https:\/\/ladieslinz.at\/landeshauptmann-thomas-stelzer-empfaengt-wta-praesidentin-micky-lawler\/","url":"https:\/\/ladieslinz.at\/landeshauptmann-thomas-stelzer-empfaengt-wta-praesidentin-micky-lawler\/","name":"Landeshauptmann Thomas Stelzer empf\u00e4ngt WTA-Pr\u00e4sidentin Micky Lawler - Upper Austria Ladies Linz","isPartOf":{"@id":"https:\/\/ladieslinz.at\/#website"},"primaryImageOfPage":{"@id":"https:\/\/ladieslinz.at\/landeshauptmann-thomas-stelzer-empfaengt-wta-praesidentin-micky-lawler\/#primaryimage"},"image":{"@id":"https:\/\/ladieslinz.at\/landeshauptmann-thomas-stelzer-empfaengt-wta-praesidentin-micky-lawler\/#primaryimage"},"thumbnailUrl":"https:\/\/ladieslinz.at\/wp-content\/uploads\/2023\/02\/ASC_1690-copy-2.jpg","datePublished":"2023-02-09T11:52:54+00:00","dateModified":"2023-02-21T15:07:06+00:00","breadcrumb":{"@id":"https:\/\/ladieslinz.at\/landeshauptmann-thomas-stelzer-empfaengt-wta-praesidentin-micky-lawler\/#breadcrumb"},"inLanguage":"en-GB","potentialAction":[{"@type":"ReadAction","target":["https:\/\/ladieslinz.at\/landeshauptmann-thomas-stelzer-empfaengt-wta-praesidentin-micky-lawler\/"]}]},{"@type":"ImageObject","inLanguage":"en-GB","@id":"https:\/\/ladieslinz.at\/landeshauptmann-thomas-stelzer-empfaengt-wta-praesidentin-micky-lawler\/#primaryimage","url":"https:\/\/ladieslinz.at\/wp-content\/uploads\/2023\/02\/ASC_1690-copy-2.jpg","contentUrl":"https:\/\/ladieslinz.at\/wp-content\/uploads\/2023\/02\/ASC_1690-copy-2.jpg","width":1140,"height":500},{"@type":"BreadcrumbList","@id":"https:\/\/ladieslinz.at\/landeshauptmann-thomas-stelzer-empfaengt-wta-praesidentin-micky-lawler\/#breadcrumb","itemListElement":[{"@type":"ListItem","position":1,"name":"Startseite","item":"https:\/\/ladieslinz.at\/"},{"@type":"ListItem","position":2,"name":"Landeshauptmann Thomas Stelzer empf\u00e4ngt WTA-Pr\u00e4sidentin Micky Lawler"}]},{"@type":"WebSite","@id":"https:\/\/ladieslinz.at\/#website","url":"https:\/\/ladieslinz.at\/","name":"Upper Austria Ladies Linz","description":"WTA500 Tennis","publisher":{"@id":"https:\/\/ladieslinz.at\/#organization"},"potentialAction":[{"@type":"SearchAction","target":{"@type":"EntryPoint","urlTemplate":"https:\/\/ladieslinz.at\/?s={search_term_string}"},"query-input":{"@type":"PropertyValueSpecification","valueRequired":true,"valueName":"search_term_string"}}],"inLanguage":"en-GB"},{"@type":"Organization","@id":"https:\/\/ladieslinz.at\/#organization","name":"Upper Austria Ladies Linz","url":"https:\/\/ladieslinz.at\/","logo":{"@type":"ImageObject","inLanguage":"en-GB","@id":"https:\/\/ladieslinz.at\/#\/schema\/logo\/image\/","url":"https:\/\/ladieslinz.at\/wp-content\/uploads\/2022\/09\/LOGO-Neg.png","contentUrl":"https:\/\/ladieslinz.at\/wp-content\/uploads\/2022\/09\/LOGO-Neg.png","width":586,"height":221,"caption":"Upper Austria Ladies Linz"},"image":{"@id":"https:\/\/ladieslinz.at\/#\/schema\/logo\/image\/"},"sameAs":["https:\/\/x.com\/WTALinz","https:\/\/www.instagram.com\/wtalinz\/?hl=de"]},{"@type":"Person","@id":"https:\/\/ladieslinz.at\/#\/schema\/person\/455c8eb5de0632c4c1321f3dc0f941c7","name":"Chrissi Ermer","url":"https:\/\/ladieslinz.at\/en\/author\/ll-chrissi\/"}]}},"_links":{"self":[{"href":"https:\/\/ladieslinz.at\/en\/wp-json\/wp\/v2\/posts\/2896","targetHints":{"allow":["GET"]}}],"collection":[{"href":"https:\/\/ladieslinz.at\/en\/wp-json\/wp\/v2\/posts"}],"about":[{"href":"https:\/\/ladieslinz.at\/en\/wp-json\/wp\/v2\/types\/post"}],"author":[{"embeddable":true,"href":"https:\/\/ladieslinz.at\/en\/wp-json\/wp\/v2\/users\/4"}],"replies":[{"embeddable":true,"href":"https:\/\/ladieslinz.at\/en\/wp-json\/wp\/v2\/comments?post=2896"}],"version-history":[{"count":0,"href":"https:\/\/ladieslinz.at\/en\/wp-json\/wp\/v2\/posts\/2896\/revisions"}],"wp:featuredmedia":[{"embeddable":true,"href":"https:\/\/ladieslinz.at\/en\/wp-json\/wp\/v2\/media\/2903"}],"wp:attachment":[{"href":"https:\/\/ladieslinz.at\/en\/wp-json\/wp\/v2\/media?parent=2896"}],"wp:term":[{"taxonomy":"category","embeddable":true,"href":"https:\/\/ladieslinz.at\/en\/wp-json\/wp\/v2\/categories?post=2896"},{"taxonomy":"post_tag","embeddable":true,"href":"https:\/\/ladieslinz.at\/en\/wp-json\/wp\/v2\/tags?post=2896"}],"curies":[{"name":"wp","href":"https:\/\/api.w.org\/{rel}","templated":true}]}}